{"id":379,"date":"2025-09-17T07:36:17","date_gmt":"2025-09-17T05:36:17","guid":{"rendered":"https:\/\/pflegedaheim.info\/?p=379"},"modified":"2025-09-17T07:36:19","modified_gmt":"2025-09-17T05:36:19","slug":"7-nationaler-aktionstag-fuer-pflegende-angehoerige","status":"publish","type":"post","link":"https:\/\/pflegedaheim.info\/?p=379","title":{"rendered":"7. Nationaler Aktionstag f\u00fcr pflegende Angeh\u00f6rige"},"content":{"rendered":"\t\t<div data-elementor-type=\"wp-post\" data-elementor-id=\"379\" class=\"elementor elementor-379\">\n\t\t\t\t\t\t<section class=\"elementor-section elementor-top-section elementor-element elementor-element-d5d9a10 elementor-section-boxed elementor-section-height-default elementor-section-height-default\" data-id=\"d5d9a10\" data-element_type=\"section\" data-e-type=\"section\">\n\t\t\t\t\t\t<div class=\"elementor-container elementor-column-gap-default\">\n\t\t\t\t\t<div class=\"elementor-column elementor-col-100 elementor-top-column elementor-element elementor-element-0c44412\" data-id=\"0c44412\" data-element_type=\"column\" data-e-type=\"column\">\n\t\t\t<div class=\"elementor-widget-wrap elementor-element-populated\">\n\t\t\t\t\t\t<div class=\"elementor-element elementor-element-ed23db2 elementor-widget elementor-widget-text-editor\" data-id=\"ed23db2\" data-element_type=\"widget\" data-e-type=\"widget\" data-widget_type=\"text-editor.default\">\n\t\t\t\t<div class=\"elementor-widget-container\">\n\t\t\t\t\t\t\t\t\t<div class=\"x_elementToProof\" data-olk-copy-source=\"MessageBody\">Am 13. September 2025 findet der 7. Nationaler Aktionstag f\u00fcr pflegende Angeh\u00f6rige in ganz \u00d6sterreich statt. Dieser Tag w\u00fcrdigt die Arbeit und das Engagement von Menschen, die Angeh\u00f6rige in der Pflege und Betreuung unterst\u00fctzen. Ziel ist es, das Bewusstsein f\u00fcr die wichtige Rolle pflegender Angeh\u00f6riger zu sch\u00e4rfen und die Gesellschaft f\u00fcr deren Anliegen zu sensibilisieren. Der Aktionstag wird von zahlreichen Organisationen und Institutionen unterst\u00fctzt, die sich f\u00fcr bessere Rahmenbedingungen in der Pflege einsetzen.<\/div><div class=\"x_elementToProof\">Wir laden alle Interessierten ein, an diesem Tag teilzunehmen und Solidarit\u00e4t mit pflegenden Angeh\u00f6rigen zu zeigen. Unser Verein setzt sich daf\u00fcr ein, dass Gesellschaft, Verwaltung und Politik den Wert pflegender Angeh\u00f6riger sehen und wertsch\u00e4tzen.<\/div><div class=\"x_elementToProof\">Pflegende und betreuende Angeh\u00f6rige zuhause, brauchen kontinuierliche Orientierung, da es regelm\u00e4\u00dfig Neuerungen und Angebote gibt. Ohne Angeh\u00f6rigenpflege geht es in unserem System nicht: \u00dcber 80 % der Pflege erfolgt zuhause, pflegende Angeh\u00f6rige sind unverzichtbare Partner der Gesundheitseinrichtungen und ambulanten Dienste.<\/div><div class=\"x_elementToProof\">Der Aktionstag schafft Aufmerksamkeit und Solidarit\u00e4t f\u00fcr die Arbeit und Herausforderungen pflegender Angeh\u00f6riger. Sie ben\u00f6tigen umfassende Unterst\u00fctzung, niedrigschwellige Beratungsangebote und Begleitung im Verlauf des Pflegeprozesses. Die Sozial- und Gesundheitspolitik muss gute Rahmenbedingungen schaffen, damit die pflegenden Angeh\u00f6rigen diesen Herausforderungen gewachsen sind. Diese wichtige Rolle in der Gesellschaft fordert eine St\u00e4rkung der Pflege zuhause, echte Entlastungsm\u00f6glichkeiten und eine umfassende Fallbegleitung von Anfang an.<\/div><div class=\"x_elementToProof\">Pflege kann jeden betreffen, wir danken allen Pflegenden \u2013 Eltern, Kinder, Geschwister und Partner &#8211; die eine kranke, behinderte oder verunfallte Personen im Alltag betreuen, pflegen und alles organisieren &#8211; das vom Kleinkind bis zum betagten Senior.<\/div><div class=\"x_elementToProof\">Unterst\u00fctzerinnen und Unterst\u00fctzer zeigen Solidarit\u00e4t, schlie\u00dfen L\u00fccken und setzen Impulse f\u00fcr faire Rahmenbedingungen in der Pflege zuhause \u2013 machen Sie bei uns mit!<\/div>\t\t\t\t\t\t\t\t<\/div>\n\t\t\t\t<\/div>\n\t\t\t\t\t<\/div>\n\t\t<\/div>\n\t\t\t\t\t<\/div>\n\t\t<\/section>\n\t\t\t\t<\/div>\n\t\t","protected":false},"excerpt":{"rendered":"<p>Am 13. September 2025 findet der 7. Nationaler Aktionstag f\u00fcr pflegende Angeh\u00f6rige in ganz \u00d6sterreich statt. Dieser Tag w\u00fcrdigt die Arbeit und das Engagement von Menschen, die Angeh\u00f6rige in der Pflege und Betreuung unterst\u00fctzen. Ziel ist es, das Bewusstsein f\u00fcr die wichtige Rolle pflegender Angeh\u00f6riger zu sch\u00e4rfen und die Gesellschaft f\u00fcr deren Anliegen zu sensibilisieren. [&hellip;]<\/p>\n","protected":false},"author":1,"featured_media":0,"comment_status":"closed","ping_status":"closed","sticky":false,"template":"","format":"standard","meta":{"site-sidebar-layout":"default","site-content-layout":"default","ast-site-content-layout":"default","site-content-style":"default","site-sidebar-style":"default","ast-global-header-display":"","ast-banner-title-visibility":"","ast-main-header-display":"","ast-hfb-above-header-display":"","ast-hfb-below-header-display":"","ast-hfb-mobile-header-display":"","site-post-title":"","ast-breadcrumbs-content":"","ast-featured-img":"","footer-sml-layout":"","ast-disable-related-posts":"","theme-transparent-header-meta":"default","adv-header-id-meta":"","stick-header-meta":"","header-above-stick-meta":"","header-main-stick-meta":"","header-below-stick-meta":"","astra-migrate-meta-layouts":"default","ast-page-background-enabled":"default","ast-page-background-meta":{"desktop":{"background-color":"var(--ast-global-color-4)","background-image":"","background-repeat":"repeat","background-position":"center center","background-size":"auto","background-attachment":"scroll","background-type":"","background-media":"","overlay-type":"","overlay-color":"","overlay-opacity":"","overlay-gradient":""},"tablet":{"background-color":"","background-image":"","background-repeat":"repeat","background-position":"center center","background-size":"auto","background-attachment":"scroll","background-type":"","background-media":"","overlay-type":"","overlay-color":"","overlay-opacity":"","overlay-gradient":""},"mobile":{"background-color":"","background-image":"","background-repeat":"repeat","background-position":"center center","background-size":"auto","background-attachment":"scroll","background-type":"","background-media":"","overlay-type":"","overlay-color":"","overlay-opacity":"","overlay-gradient":""}},"ast-content-background-meta":{"desktop":{"background-color":"var(--ast-global-color-5)","background-image":"","background-repeat":"repeat","background-position":"center center","background-size":"auto","background-attachment":"scroll","background-type":"","background-media":"","overlay-type":"","overlay-color":"","overlay-opacity":"","overlay-gradient":""},"tablet":{"background-color":"var(--ast-global-color-5)","background-image":"","background-repeat":"repeat","background-position":"center center","background-size":"auto","background-attachment":"scroll","background-type":"","background-media":"","overlay-type":"","overlay-color":"","overlay-opacity":"","overlay-gradient":""},"mobile":{"background-color":"var(--ast-global-color-5)","background-image":"","background-repeat":"repeat","background-position":"center center","background-size":"auto","background-attachment":"scroll","background-type":"","background-media":"","overlay-type":"","overlay-color":"","overlay-opacity":"","overlay-gradient":""}},"footnotes":""},"categories":[1],"tags":[],"class_list":["post-379","post","type-post","status-publish","format-standard","hentry","category-allgemein"],"_links":{"self":[{"href":"https:\/\/pflegedaheim.info\/index.php?rest_route=\/wp\/v2\/posts\/379","targetHints":{"allow":["GET"]}}],"collection":[{"href":"https:\/\/pflegedaheim.info\/index.php?rest_route=\/wp\/v2\/posts"}],"about":[{"href":"https:\/\/pflegedaheim.info\/index.php?rest_route=\/wp\/v2\/types\/post"}],"author":[{"embeddable":true,"href":"https:\/\/pflegedaheim.info\/index.php?rest_route=\/wp\/v2\/users\/1"}],"replies":[{"embeddable":true,"href":"https:\/\/pflegedaheim.info\/index.php?rest_route=%2Fwp%2Fv2%2Fcomments&post=379"}],"version-history":[{"count":5,"href":"https:\/\/pflegedaheim.info\/index.php?rest_route=\/wp\/v2\/posts\/379\/revisions"}],"predecessor-version":[{"id":384,"href":"https:\/\/pflegedaheim.info\/index.php?rest_route=\/wp\/v2\/posts\/379\/revisions\/384"}],"wp:attachment":[{"href":"https:\/\/pflegedaheim.info\/index.php?rest_route=%2Fwp%2Fv2%2Fmedia&parent=379"}],"wp:term":[{"taxonomy":"category","embeddable":true,"href":"https:\/\/pflegedaheim.info\/index.php?rest_route=%2Fwp%2Fv2%2Fcategories&post=379"},{"taxonomy":"post_tag","embeddable":true,"href":"https:\/\/pflegedaheim.info\/index.php?rest_route=%2Fwp%2Fv2%2Ftags&post=379"}],"curies":[{"name":"wp","href":"https:\/\/api.w.org\/{rel}","templated":true}]}}