{"id":330,"date":"2024-10-13T14:23:21","date_gmt":"2024-10-13T12:23:21","guid":{"rendered":"https:\/\/pflegedaheim.info\/?p=330"},"modified":"2024-10-23T14:57:55","modified_gmt":"2024-10-23T12:57:55","slug":"pflege-ist-keine-leichte-kost-wir-spenden-einen-most","status":"publish","type":"post","link":"https:\/\/pflegedaheim.info\/?p=330","title":{"rendered":"Pflege ist keine leichte Kost \u2013 wir spenden einen Most!\u00a0"},"content":{"rendered":"\t\t<div data-elementor-type=\"wp-post\" data-elementor-id=\"330\" class=\"elementor elementor-330\">\n\t\t\t\t\t\t<section class=\"elementor-section elementor-top-section elementor-element elementor-element-47318c8f elementor-section-boxed elementor-section-height-default elementor-section-height-default\" data-id=\"47318c8f\" data-element_type=\"section\" data-e-type=\"section\">\n\t\t\t\t\t\t<div class=\"elementor-container elementor-column-gap-default\">\n\t\t\t\t\t<div class=\"elementor-column elementor-col-100 elementor-top-column elementor-element elementor-element-325c8b34\" data-id=\"325c8b34\" data-element_type=\"column\" data-e-type=\"column\">\n\t\t\t<div class=\"elementor-widget-wrap\">\n\t\t\t\t\t\t\t<\/div>\n\t\t<\/div>\n\t\t\t\t\t<\/div>\n\t\t<\/section>\n\t\t\t\t<section class=\"elementor-section elementor-top-section elementor-element elementor-element-6235ac7 elementor-section-boxed elementor-section-height-default elementor-section-height-default\" data-id=\"6235ac7\" data-element_type=\"section\" data-e-type=\"section\">\n\t\t\t\t\t\t<div class=\"elementor-container elementor-column-gap-default\">\n\t\t\t\t\t<div class=\"elementor-column elementor-col-100 elementor-top-column elementor-element elementor-element-be2525e\" data-id=\"be2525e\" data-element_type=\"column\" data-e-type=\"column\">\n\t\t\t<div class=\"elementor-widget-wrap elementor-element-populated\">\n\t\t\t\t\t\t<div class=\"elementor-element elementor-element-b80d37a elementor-widget elementor-widget-image\" data-id=\"b80d37a\" data-element_type=\"widget\" data-e-type=\"widget\" data-widget_type=\"image.default\">\n\t\t\t\t<div class=\"elementor-widget-container\">\n\t\t\t\t\t\t\t\t\t\t\t\t\t\t\t<img fetchpriority=\"high\" decoding=\"async\" width=\"1024\" height=\"687\" src=\"https:\/\/pflegedaheim.info\/wordpress\/wp-content\/uploads\/2024\/10\/image-1024x687.jpeg\" class=\"attachment-large size-large wp-image-335\" alt=\"\" srcset=\"https:\/\/pflegedaheim.info\/wordpress\/wp-content\/uploads\/2024\/10\/image-1024x687.jpeg 1024w, https:\/\/pflegedaheim.info\/wordpress\/wp-content\/uploads\/2024\/10\/image-300x201.jpeg 300w, https:\/\/pflegedaheim.info\/wordpress\/wp-content\/uploads\/2024\/10\/image-768x515.jpeg 768w, https:\/\/pflegedaheim.info\/wordpress\/wp-content\/uploads\/2024\/10\/image.jpeg 1200w\" sizes=\"(max-width: 1024px) 100vw, 1024px\" \/>\t\t\t\t\t\t\t\t\t\t\t\t\t\t\t<\/div>\n\t\t\t\t<\/div>\n\t\t\t\t<div class=\"elementor-element elementor-element-9522d2e elementor-widget elementor-widget-text-editor\" data-id=\"9522d2e\" data-element_type=\"widget\" data-e-type=\"widget\" data-widget_type=\"text-editor.default\">\n\t\t\t\t<div class=\"elementor-widget-container\">\n\t\t\t\t\t\t\t\t\t<p>Anl\u00e4sslich des 6. Nationalen Aktionstages f\u00fcr pflegende Angeh\u00f6rige organisierte die Partei Wandel &#8211; einen Most- und Infostand auf den Wochenm\u00e4rkten in Bregenz und Dornbirn.<\/p>\n<p>Obfrau Angelika H\u00e4mmerle von der Interessensvertretung f\u00fcr pflegende und betreuende Angeh\u00f6rige \u201ePflege daheim\u201c hat die gro\u00dfz\u00fcgige, s\u00fcffige Spende von \u20ac 200,\u2013 dankend entgegen genommen.<\/p>\t\t\t\t\t\t\t\t<\/div>\n\t\t\t\t<\/div>\n\t\t\t\t\t<\/div>\n\t\t<\/div>\n\t\t\t\t\t<\/div>\n\t\t<\/section>\n\t\t\t\t<\/div>\n\t\t","protected":false},"excerpt":{"rendered":"<p>Anl\u00e4sslich des 6. Nationalen Aktionstages f\u00fcr pflegende Angeh\u00f6rige organisierte die Partei Wandel &#8211; einen Most- und Infostand auf den Wochenm\u00e4rkten in Bregenz und Dornbirn. Obfrau Angelika H\u00e4mmerle von der Interessensvertretung f\u00fcr pflegende und betreuende Angeh\u00f6rige \u201ePflege daheim\u201c hat die gro\u00dfz\u00fcgige, s\u00fcffige Spende von \u20ac 200,\u2013 dankend entgegen genommen.<\/p>\n","protected":false},"author":2,"featured_media":0,"comment_status":"closed","ping_status":"closed","sticky":false,"template":"","format":"standard","meta":{"site-sidebar-layout":"default","site-content-layout":"default","ast-site-content-layout":"default","site-content-style":"default","site-sidebar-style":"default","ast-global-header-display":"","ast-banner-title-visibility":"","ast-main-header-display":"","ast-hfb-above-header-display":"","ast-hfb-below-header-display":"","ast-hfb-mobile-header-display":"","site-post-title":"","ast-breadcrumbs-content":"","ast-featured-img":"","footer-sml-layout":"","ast-disable-related-posts":"","theme-transparent-header-meta":"default","adv-header-id-meta":"","stick-header-meta":"","header-above-stick-meta":"","header-main-stick-meta":"","header-below-stick-meta":"","astra-migrate-meta-layouts":"default","ast-page-background-enabled":"default","ast-page-background-meta":{"desktop":{"background-color":"var(--ast-global-color-4)","background-image":"","background-repeat":"repeat","background-position":"center center","background-size":"auto","background-attachment":"scroll","background-type":"","background-media":"","overlay-type":"","overlay-color":"","overlay-opacity":"","overlay-gradient":""},"tablet":{"background-color":"","background-image":"","background-repeat":"repeat","background-position":"center center","background-size":"auto","background-attachment":"scroll","background-type":"","background-media":"","overlay-type":"","overlay-color":"","overlay-opacity":"","overlay-gradient":""},"mobile":{"background-color":"","background-image":"","background-repeat":"repeat","background-position":"center center","background-size":"auto","background-attachment":"scroll","background-type":"","background-media":"","overlay-type":"","overlay-color":"","overlay-opacity":"","overlay-gradient":""}},"ast-content-background-meta":{"desktop":{"background-color":"var(--ast-global-color-5)","background-image":"","background-repeat":"repeat","background-position":"center center","background-size":"auto","background-attachment":"scroll","background-type":"","background-media":"","overlay-type":"","overlay-color":"","overlay-opacity":"","overlay-gradient":""},"tablet":{"background-color":"var(--ast-global-color-5)","background-image":"","background-repeat":"repeat","background-position":"center center","background-size":"auto","background-attachment":"scroll","background-type":"","background-media":"","overlay-type":"","overlay-color":"","overlay-opacity":"","overlay-gradient":""},"mobile":{"background-color":"var(--ast-global-color-5)","background-image":"","background-repeat":"repeat","background-position":"center center","background-size":"auto","background-attachment":"scroll","background-type":"","background-media":"","overlay-type":"","overlay-color":"","overlay-opacity":"","overlay-gradient":""}},"footnotes":""},"categories":[1],"tags":[],"class_list":["post-330","post","type-post","status-publish","format-standard","hentry","category-allgemein"],"_links":{"self":[{"href":"https:\/\/pflegedaheim.info\/index.php?rest_route=\/wp\/v2\/posts\/330","targetHints":{"allow":["GET"]}}],"collection":[{"href":"https:\/\/pflegedaheim.info\/index.php?rest_route=\/wp\/v2\/posts"}],"about":[{"href":"https:\/\/pflegedaheim.info\/index.php?rest_route=\/wp\/v2\/types\/post"}],"author":[{"embeddable":true,"href":"https:\/\/pflegedaheim.info\/index.php?rest_route=\/wp\/v2\/users\/2"}],"replies":[{"embeddable":true,"href":"https:\/\/pflegedaheim.info\/index.php?rest_route=%2Fwp%2Fv2%2Fcomments&post=330"}],"version-history":[{"count":5,"href":"https:\/\/pflegedaheim.info\/index.php?rest_route=\/wp\/v2\/posts\/330\/revisions"}],"predecessor-version":[{"id":338,"href":"https:\/\/pflegedaheim.info\/index.php?rest_route=\/wp\/v2\/posts\/330\/revisions\/338"}],"wp:attachment":[{"href":"https:\/\/pflegedaheim.info\/index.php?rest_route=%2Fwp%2Fv2%2Fmedia&parent=330"}],"wp:term":[{"taxonomy":"category","embeddable":true,"href":"https:\/\/pflegedaheim.info\/index.php?rest_route=%2Fwp%2Fv2%2Fcategories&post=330"},{"taxonomy":"post_tag","embeddable":true,"href":"https:\/\/pflegedaheim.info\/index.php?rest_route=%2Fwp%2Fv2%2Ftags&post=330"}],"curies":[{"name":"wp","href":"https:\/\/api.w.org\/{rel}","templated":true}]}}